{"id":1264,"date":"2024-03-28T12:55:31","date_gmt":"2024-03-28T11:55:31","guid":{"rendered":"https:\/\/ambbrazzaville.esteri.it\/?p=1264"},"modified":"2024-03-28T13:00:30","modified_gmt":"2024-03-28T12:00:30","slug":"3eme-edition-du-programme-international-sur-le-droit-et-le-developpement-ipld","status":"publish","type":"post","link":"https:\/\/ambbrazzaville.esteri.it\/fr\/news\/dall_ambasciata\/2024\/03\/3eme-edition-du-programme-international-sur-le-droit-et-le-developpement-ipld\/","title":{"rendered":"3\u00e8me Edition du Programme International sur le Droit et le D\u00e9veloppement (IPLD)"},"content":{"rendered":"<p>UNIDROIT &#8211; Institut International pour l&rsquo;Unification du Droit Priv\u00e9 bas\u00e9 \u00e0 Rome &#8211; organisera la 3\u00e8me \u00e9dition du Programme International sur le Droit et le D\u00e9veloppement (IPLD), un cours de remise \u00e0 niveau sur les outils d\u00e9velopp\u00e9s dans le cadre du processus d&rsquo;harmonisation du droit priv\u00e9, destin\u00e9 aux op\u00e9rateurs l\u00e9gaux du continent africain. L&rsquo;objectif principal du programme est de fournir aux participants &#8211; professionnels du droit et de la justice, y compris des juges, des avocats d&rsquo;\u00c9tat et des fonctionnaires des bureaux l\u00e9gislatifs de diff\u00e9rents d\u00e9partements &#8211; la possibilit\u00e9 de mettre en \u0153uvre efficacement ces outils au sein de leurs juridictions respectives, favorisant ainsi la collaboration internationale et am\u00e9liorant la compr\u00e9hension mutuelle. .<\/p>\n<p>L&rsquo;IPLD 2024 se tiendra du 6 juin au 5 juillet 2024, les deux premi\u00e8res semaines en ligne et les trois semaines suivantes en personne au si\u00e8ge d&rsquo;UNIDROIT \u00e0 Rome, en Italie. Les d\u00e9lais d&rsquo;adh\u00e9sion ont \u00e9t\u00e9 prolong\u00e9s jusqu&rsquo;au 30 mars. Appliquer<a href=\"https:\/\/www.unidroit.org\/fr\/programme-international-pour-le-droit-et-le-developpement-pidd-2024\/\"> ici<\/a>!<\/p>\n<p>L&rsquo;annonce avec toutes les informations n\u00e9cessaires est disponible ci-dessous.<\/p>\n","protected":false},"excerpt":{"rendered":"UNIDROIT &#8211; Institut International pour l&rsquo;Unification du Droit Priv\u00e9 bas\u00e9 \u00e0 Rome &#8211; organisera la 3\u00e8me \u00e9dition du Programme International sur le Droit et le D\u00e9veloppement (IPLD), un cours de remise \u00e0 niveau sur les outils d\u00e9velopp\u00e9s dans le cadre du processus d&rsquo;harmonisation du droit priv\u00e9, destin\u00e9 aux op\u00e9rateurs l\u00e9gaux du continent africain. L&rsquo;objectif principal [&hellip;]","protected":false},"author":4,"featured_media":0,"comment_status":"closed","ping_status":"closed","sticky":false,"template":"","format":"standard","meta":{"footnotes":""},"tags":[7],"class_list":["post-1264","post","type-post","status-publish","format-standard","hentry","tag-diplomazia-culturale"],"_links":{"self":[{"href":"https:\/\/ambbrazzaville.esteri.it\/fr\/wp-json\/wp\/v2\/posts\/1264","targetHints":{"allow":["GET"]}}],"collection":[{"href":"https:\/\/ambbrazzaville.esteri.it\/fr\/wp-json\/wp\/v2\/posts"}],"about":[{"href":"https:\/\/ambbrazzaville.esteri.it\/fr\/wp-json\/wp\/v2\/types\/post"}],"author":[{"embeddable":true,"href":"https:\/\/ambbrazzaville.esteri.it\/fr\/wp-json\/wp\/v2\/users\/4"}],"replies":[{"embeddable":true,"href":"https:\/\/ambbrazzaville.esteri.it\/fr\/wp-json\/wp\/v2\/comments?post=1264"}],"version-history":[{"count":1,"href":"https:\/\/ambbrazzaville.esteri.it\/fr\/wp-json\/wp\/v2\/posts\/1264\/revisions"}],"predecessor-version":[{"id":1265,"href":"https:\/\/ambbrazzaville.esteri.it\/fr\/wp-json\/wp\/v2\/posts\/1264\/revisions\/1265"}],"wp:attachment":[{"href":"https:\/\/ambbrazzaville.esteri.it\/fr\/wp-json\/wp\/v2\/media?parent=1264"}],"wp:term":[{"taxonomy":"post_tag","embeddable":true,"href":"https:\/\/ambbrazzaville.esteri.it\/fr\/wp-json\/wp\/v2\/tags?post=1264"}],"curies":[{"name":"wp","href":"https:\/\/api.w.org\/{rel}","templated":true}]}}