{"id":706,"date":"2020-03-18T12:07:09","date_gmt":"2020-03-18T11:07:09","guid":{"rendered":"https:\/\/ambbrazzaville.esteri.it\/news\/dall_ambasciata\/2020\/03\/note-verbale\/"},"modified":"2020-03-18T12:07:09","modified_gmt":"2020-03-18T11:07:09","slug":"note-verbale","status":"publish","type":"post","link":"https:\/\/ambbrazzaville.esteri.it\/it\/news\/dall_ambasciata\/2020\/03\/note-verbale\/","title":{"rendered":"NOTE VERBALE"},"content":{"rendered":"<p style=\"text-align: center;\">Ambasciata d\u2019Italia<br \/>Brazzaville<\/p>\n<p>\u00a0\u00a0\u00a0\u00a0\u00a0\u00a0\u00a0\u00a0\u00a0\u00a0\u00a0\u00a0\u00a0\u00a0\u00a0\u00a0\u00a0\u00a0\u00a0\u00a0\u00a0\u00a0\u00a0\u00a0\u00a0\u00a0\u00a0\u00a0\u00a0\u00a0\u00a0\u00a0\u00a0\u00a0\u00a0\u00a0\u00a0\u00a0\u00a0\u00a0\u00a0\u00a0\u00a0\u00a0\u00a0\u00a0\u00a0\u00a0\u00a0\u00a0\u00a0\u00a0\u00a0\u00a0\u00a0\u00a0\u00a0\u00a0\u00a0\u00a0\u00a0\u00a0\u00a0\u00a0\u00a0\u00a0\u00a0\u00a0\u00a0\u00a0\u00a0\u00a0\u00a0\u00a0\u00a0\u00a0\u00a0\u00a0\u00a0\u00a0\u00a0\u00a0\u00a0\u00a0\u00a0\u00a0\u00a0\u00a0\u00a0\u00a0\u00a0\u00a0\u00a0\u00a0\u00a0\u00a0\u00a0\u00a0\u00a0\u00a0\u00a0\u00a0\u00a0\u00a0\u00a0\u00a0\u00a0\u00a0\u00a0\u00a0\u00a0\u00a0\u00a0\u00a0\u00a0\u00a0\u00a0\u00a0\u00a0\u00a0\u00a0\u00a0\u00a0\u00a0\u00a0\u00a0\u00a0\u00a0\u00a0\u00a0\u00a0\u00a0\u00a0\u00a0\u00a0\u00a0\u00a0\u00a0\u00a0\u00a0\u00a0\u00a0\u00a0\u00a0\u00a0\u00a0\u00a0 Prot. 693<\/p>\n<p style=\"text-align: center;\">NOTE VERBALE<\/p>\n<p>L\u2019Ambassade d\u2019Italie pr\u00e9sente ses compliments au Minist\u00e8re des Affaires Etrang\u00e8res, de la Coop\u00e9ration et des Congolais de l\u2019Etranger et a l\u2019honneur de l\u2019informer des d\u00e9cisions que cette Ambassade a adopt\u00e9 en raison de l\u2019\u00e9volution de la situation sanitaire et du signalement d\u2019un premier cas positif au COVID-19 en R\u00e9publique du Congo.<\/p>\n<p>En effet, cette Ambassade, conform\u00e9ment aux instructions re\u00e7ues par le Minist\u00e8re des Affaires Etrang\u00e8res, assurera ses activit\u00e9s essentielles avec un effectif r\u00e9duit et pourra accorder, selon le cas, le service \u00e0 tout dossiers retenus prioritaires.<\/p>\n<p>Les activit\u00e9s de repr\u00e9sentation sont suspendues jusqu\u2019\u00e0 nouvel ordre et les activit\u00e9s ext\u00e9rieures seront r\u00e9duites aux manifestations indispensables.<\/p>\n<p>L\u2019Ambassade d\u2019Italie remercie d\u2019avance le Minist\u00e8re des Affaires Etrang\u00e8res et de la Coop\u00e9ration et des Congolais de l\u2019Etranger de son aimable attention et saisit l\u2019occasion pour lui renouveler les assurances de sa haute consid\u00e9ration.<\/p>\n<p>Brazzaville, 17\/03\/2020<\/p>\n<p>_________________________________________<br \/>Minist\u00e8re des Affaires Etrang\u00e8res,<br \/>de la Coop\u00e9ration et des Congolais de l\u2019Etranger<br \/>BRAZZAVILLE<\/p>\n","protected":false},"excerpt":{"rendered":"Ambasciata d\u2019ItaliaBrazzaville \u00a0\u00a0\u00a0\u00a0\u00a0\u00a0\u00a0\u00a0\u00a0\u00a0\u00a0\u00a0\u00a0\u00a0\u00a0\u00a0\u00a0\u00a0\u00a0\u00a0\u00a0\u00a0\u00a0\u00a0\u00a0\u00a0\u00a0\u00a0\u00a0\u00a0\u00a0\u00a0\u00a0\u00a0\u00a0\u00a0\u00a0\u00a0\u00a0\u00a0\u00a0\u00a0\u00a0\u00a0\u00a0\u00a0\u00a0\u00a0\u00a0\u00a0\u00a0\u00a0\u00a0\u00a0\u00a0\u00a0\u00a0\u00a0\u00a0\u00a0\u00a0\u00a0\u00a0\u00a0\u00a0\u00a0\u00a0\u00a0\u00a0\u00a0\u00a0\u00a0\u00a0\u00a0\u00a0\u00a0\u00a0\u00a0\u00a0\u00a0\u00a0\u00a0\u00a0\u00a0\u00a0\u00a0\u00a0\u00a0\u00a0\u00a0\u00a0\u00a0\u00a0\u00a0\u00a0\u00a0\u00a0\u00a0\u00a0\u00a0\u00a0\u00a0\u00a0\u00a0\u00a0\u00a0\u00a0\u00a0\u00a0\u00a0\u00a0\u00a0\u00a0\u00a0\u00a0\u00a0\u00a0\u00a0\u00a0\u00a0\u00a0\u00a0\u00a0\u00a0\u00a0\u00a0\u00a0\u00a0\u00a0\u00a0\u00a0\u00a0\u00a0\u00a0\u00a0\u00a0\u00a0\u00a0\u00a0\u00a0\u00a0\u00a0\u00a0\u00a0\u00a0\u00a0\u00a0 Prot. 693 NOTE VERBALE L\u2019Ambassade d\u2019Italie pr\u00e9sente ses compliments au Minist\u00e8re des Affaires Etrang\u00e8res, de la Coop\u00e9ration et des Congolais de l\u2019Etranger et a l\u2019honneur de l\u2019informer des d\u00e9cisions que cette Ambassade a adopt\u00e9 en raison de l\u2019\u00e9volution de la situation sanitaire et du signalement d\u2019un premier cas positif au COVID-19 en [&hellip;]","protected":false},"author":1,"featured_media":0,"comment_status":"","ping_status":"","sticky":false,"template":"","format":"standard","meta":{"footnotes":""},"tags":[],"class_list":["post-706","post","type-post","status-publish","format-standard","hentry"],"_links":{"self":[{"href":"https:\/\/ambbrazzaville.esteri.it\/it\/wp-json\/wp\/v2\/posts\/706","targetHints":{"allow":["GET"]}}],"collection":[{"href":"https:\/\/ambbrazzaville.esteri.it\/it\/wp-json\/wp\/v2\/posts"}],"about":[{"href":"https:\/\/ambbrazzaville.esteri.it\/it\/wp-json\/wp\/v2\/types\/post"}],"author":[{"embeddable":true,"href":"https:\/\/ambbrazzaville.esteri.it\/it\/wp-json\/wp\/v2\/users\/1"}],"replies":[{"embeddable":true,"href":"https:\/\/ambbrazzaville.esteri.it\/it\/wp-json\/wp\/v2\/comments?post=706"}],"version-history":[{"count":0,"href":"https:\/\/ambbrazzaville.esteri.it\/it\/wp-json\/wp\/v2\/posts\/706\/revisions"}],"wp:attachment":[{"href":"https:\/\/ambbrazzaville.esteri.it\/it\/wp-json\/wp\/v2\/media?parent=706"}],"wp:term":[{"taxonomy":"post_tag","embeddable":true,"href":"https:\/\/ambbrazzaville.esteri.it\/it\/wp-json\/wp\/v2\/tags?post=706"}],"curies":[{"name":"wp","href":"https:\/\/api.w.org\/{rel}","templated":true}]}}